{"id":74,"date":"2022-02-13T22:56:00","date_gmt":"2022-02-13T21:56:00","guid":{"rendered":"http:\/\/www.crajepidf.org\/?p=74"},"modified":"2022-03-15T11:09:31","modified_gmt":"2022-03-15T10:09:31","slug":"infos-partagees","status":"publish","type":"post","link":"https:\/\/www.crajepidf.org\/index.php\/2022\/02\/13\/infos-partagees\/","title":{"rendered":"Infos Partag\u00e9es &#8211; F\u00e9v.22"},"content":{"rendered":"\n<p class=\"has-primary-color has-text-color has-background has-large-font-size\" style=\"background-color:#fce832\"><strong>C\u00d4TE AJEP IDF<\/strong><\/p>\n\n\n\n<p><strong>[F\u00c9D\u00c9RATION DES CENTRES SOCIAUX 78]<\/strong> invite \u00e0 la rencontre \u201c<strong>Tables de quartier<\/strong>\u201d, aux Mureaux jeudi 31 mars de 13h30 \u00e0 16h30, une d\u00e9marche participative pour aller vers les gens et donner la parole, rassembler les paroles et les rendre collectives et constructives, mobiliser, se former, soutenir les initiatives\u2026Pour en savoir plus sur <a href=\"https:\/\/www.cestpossible.me\/action\/table-de-quartier-detouvie\/\">la d\u00e9marche c\u2019est ici <\/a>et pour l\u2019<a href=\"https:\/\/framaforms.org\/rencontre-table-de-quartier-jeudi-31-mars-2022-1641990373\">inscription, c\u2019est en ligne en ligne ici.<\/a><\/p>\n\n\n\n<p><strong>[UFCV]<\/strong> Tribune visant \u00e0 alerter les pouvoirs publics sur la <strong>situation extr\u00eamement pr\u00e9occupante des s\u00e9jours \u00e9ducatifs<\/strong>. A d\u00e9couvrir <a href=\"https:\/\/www.ufcv.fr\/LUfcv\/Actualites\/ID\/482\/Communique-de-lUfcv--Sejours-educatifs-en-peril-lUfcv-tire-la-sonnette-dalarme\">sur le lien \u00e0 suivre<\/a>.<\/p>\n\n\n\n<p><strong>[LIGUE ENSEIGNEMENT 75]<\/strong> d\u00e9bat organis\u00e9 avec la FCPE \u201c<strong>La tentation du priv\u00e9. Situation et avenir de l\u2019offre \u00e9ducative publique \u00e0 Paris<\/strong>\u201d avec Laurence De Cock, Pascal Bouchard, Julien Grenet, Pauline Proboeuf. L\u2019objectif de cette soir\u00e9e sera de d\u00e9battre des motivations qui peuvent inciter des parents \u00e0 \u00e9viter les \u00e9tablissements publics, sans jugement ni anath\u00e8me, d\u2019aborder les cons\u00e9quences de cet affaiblissement de l\u2019\u00c9cole publique pour la mixit\u00e9 sociale et scolaire, et de consid\u00e9rer avec lucidit\u00e9 la menace de voir se d\u00e9velopper une \u00e9ducation \u00e0 plusieurs vitesses dans la capitale. <a href=\"https:\/\/framaforms.org\/inscription-a-la-soiree-debat-1643366567\">Inscription en ligne ici.<\/a><\/p>\n\n\n\n<p><strong>[CRAJEP]<\/strong> Le bureau du <strong>Comit\u00e9 Parisien des Associations &#8211; CPA- <\/strong>&nbsp;est install\u00e9, la CRAJEP y si\u00e8ge et porte la voix des asso d\u2019\u00e9duc pop.&nbsp; Pour rappel, <a href=\"https:\/\/cdn.paris.fr\/paris\/2021\/11\/19\/d6707dfe3fbc4a24878021e35a9b2a23.pdf\">ici la charte r\u00e9ciproque<\/a>. La pl\u00e9ni\u00e8re du CPA aura lieu le 16 mars \u00e0 18h dans la salle du Conseil de Paris.<\/p>\n\n\n\n<p><strong>[SCOUTS ET GUIDES DE FRANCE]<\/strong> <strong>Offre d\u2019emploi<\/strong> de Charg\u00e9\u00b7e d\u2019Affaires Administratives et Financi\u00e8res (H\/F) en CDI, pour le Centre de Ressources Ile de France Ouest, bas\u00e9 \u00e0 Arcueil \u00e0 retrouver <a href=\"https:\/\/recrutement.sgdf.fr\/fr\/annonce\/1420317-charge-daffaires-administratives-financieres-hf-paris\">sur ce lien<\/a><\/p>\n\n\n\n<p><strong>[UFCV] <\/strong><strong>Offres d\u2019emploi <\/strong>: Responsable BAFA\/D IDF, Coordo BAFA-D IDF, Responsable local Dispositif Enfance Pr\u00e9 Saint Gervais, Coordo Dispositifs Enfance IDF. Les annonces sont&nbsp; <a href=\"https:\/\/taleez.com\/careers\/ufcv-emploi\">consultables en ligne<\/a>.<\/p>\n\n\n\n<p class=\"has-background has-large-font-size\" style=\"background-color:#e01c1c\"><strong>VIE ASSO &amp; R\u00c9SEAU&nbsp;<\/strong><\/p>\n\n\n\n<p><strong>[FONJEP]<\/strong> Cycle de <strong>10 rendez-vous mensuels<\/strong> : une invitation \u00e0 r\u00e9fl\u00e9chir collectivement tout au long de l\u2019ann\u00e9e autour de th\u00e9matiques concr\u00e8tes (professionnalisation, formation, volontariat, recomposition territoriale, temps de vie etc.) pour apporter ensemble des solutions \u00e9clair\u00e9es. En fin d\u2019ann\u00e9e, le FONJEP rendra publiques les conclusions des travaux de cette initiative collective. <a href=\"https:\/\/projep.fr\/replay\/\">A suivre, sur le site.<\/a><\/p>\n\n\n\n<p><strong>[CNAJEP]<\/strong> Coorganise avec la ville de Poitiers les <strong>Rencontres nationales de l\u2019\u00e9ducation populaire<\/strong> du 17 au 19 mars 2022 \u00e0 Poitiers. A d\u00e9couvrir sur le site du Cnajep <a href=\"http:\/\/www.cnajep.asso.fr\/actualites\/rencontres-nationales-de-leducation-populaire\/\">sur ce lien<\/a>.<\/p>\n\n\n\n<p><strong>[MOUVEMENT ASSOCIATIF]<\/strong> Un <strong>plaidoyer<\/strong> \u201cChoisir l\u2019int\u00e9r\u00eat g\u00e9n\u00e9ral\u201d avec 13 engagements pour les associations, webinaire de pr\u00e9sentation, fiche et document \u00e0 retrouver <a href=\"https:\/\/lemouvementassociatif.org\/choisirlinteretgeneral-13-engagements-pour-les-associations\/\">sur le site du mouvement associatif<\/a>.<\/p>\n\n\n\n<p><strong>[CRESS]<\/strong> Enqu\u00eate de <strong>r\u00e9f\u00e9rencemen<\/strong>t des structures de l\u2019ESS de l\u2019<strong>\u00e9conomie circulaire<\/strong>, en partenariat avec ESS France contribuez \u00e0 la cartographie <a href=\"https:\/\/carteco-ess.org\/annuaire#\/carte\/@44.82,-4.31,5z?cat=all\">sur le site CartEco.<\/a><\/p>\n\n\n\n<p class=\"has-background has-large-font-size\" style=\"background-color:#34a300\"><strong>LECTURES<\/strong><\/p>\n\n\n\n<p><strong>[IN\u00c9GALIT\u00c9S] Seulement un tiers de femmes parmi les pr\u00e9sidents d\u2019associations<\/strong>. Les femmes repr\u00e9sentent 44 % des \u00e9lus qui si\u00e8gent dans les conseils d\u2019administration des associations. Mais \u00e0 leur t\u00eate, les pr\u00e9sidents masculins sont presque deux fois plus fr\u00e9quents que les pr\u00e9sidentes. Extrait du Centre d\u2019observation de la soci\u00e9t\u00e9 <a href=\"https:\/\/www.inegalites.fr\/Seulement-un-tiers-de-femmes-parmi-les-presidents-d-associations\">\u00e0 lire ici<\/a>.&nbsp;<\/p>\n\n\n\n<p><strong>[INJEP]<\/strong> <strong>La Fabrique de l\u2019\u00e9ducation populaire et de l\u2019animation<\/strong>, l\u2019essor de l\u2019\u00e9ducation populaire politique reste encore peu \u00e9tudi\u00e9. Quant aux profondes transformations que l\u2019animation, versant institutionnalis\u00e9 de l\u2019\u00e9ducation populaire, a connues au cours de la m\u00eame p\u00e9riode, avec une emprise croissante des contextes locaux ou l\u2019essor du volontariat, elles demeurent in\u00e9galement r\u00e9pertori\u00e9es. A lire <a href=\"https:\/\/injep.fr\/publication\/la-fabrique-de-leducation-populaire-et-de-lanimation\/\">en ligne ici<\/a>.<\/p>\n","protected":false},"excerpt":{"rendered":"<p>F\u00e9vrier 2022<\/p>\n","protected":false},"author":1,"featured_media":0,"comment_status":"closed","ping_status":"open","sticky":false,"template":"","format":"standard","meta":{"footnotes":""},"categories":[2],"tags":[],"class_list":["post-74","post","type-post","status-publish","format-standard","hentry","category-infospartagees"],"_links":{"self":[{"href":"https:\/\/www.crajepidf.org\/index.php\/wp-json\/wp\/v2\/posts\/74"}],"collection":[{"href":"https:\/\/www.crajepidf.org\/index.php\/wp-json\/wp\/v2\/posts"}],"about":[{"href":"https:\/\/www.crajepidf.org\/index.php\/wp-json\/wp\/v2\/types\/post"}],"author":[{"embeddable":true,"href":"https:\/\/www.crajepidf.org\/index.php\/wp-json\/wp\/v2\/users\/1"}],"replies":[{"embeddable":true,"href":"https:\/\/www.crajepidf.org\/index.php\/wp-json\/wp\/v2\/comments?post=74"}],"version-history":[{"count":2,"href":"https:\/\/www.crajepidf.org\/index.php\/wp-json\/wp\/v2\/posts\/74\/revisions"}],"predecessor-version":[{"id":78,"href":"https:\/\/www.crajepidf.org\/index.php\/wp-json\/wp\/v2\/posts\/74\/revisions\/78"}],"wp:attachment":[{"href":"https:\/\/www.crajepidf.org\/index.php\/wp-json\/wp\/v2\/media?parent=74"}],"wp:term":[{"taxonomy":"category","embeddable":true,"href":"https:\/\/www.crajepidf.org\/index.php\/wp-json\/wp\/v2\/categories?post=74"},{"taxonomy":"post_tag","embeddable":true,"href":"https:\/\/www.crajepidf.org\/index.php\/wp-json\/wp\/v2\/tags?post=74"}],"curies":[{"name":"wp","href":"https:\/\/api.w.org\/{rel}","templated":true}]}}